{"id":5961,"date":"2024-07-17T10:29:04","date_gmt":"2024-07-17T10:29:04","guid":{"rendered":"https:\/\/memoria2018.sigaus.es\/?p=5961"},"modified":"2024-07-17T20:30:40","modified_gmt":"2024-07-17T20:30:40","slug":"sanal-kumar-bahis-ans-talih-oyunlar-ceza-davalar-241","status":"publish","type":"post","link":"https:\/\/memoria2018.sigaus.es\/index.php\/2024\/07\/17\/sanal-kumar-bahis-ans-talih-oyunlar-ceza-davalar-241\/","title":{"rendered":"sanal kumar, bahis, \u015fans, talih oyunlar\u0131 ceza davalar\u0131"},"content":{"rendered":"<h1>sanal kumar, bahis, \u015fans, talih oyunlar\u0131 ceza davalar\u0131<\/h1>\n<p>Reklamlara ili\u015fkin s\u00f6zle\u015fmeler ve reklamlar\u0131n bir&nbsp; \u00f6rne\u011fi&nbsp; 7&nbsp; g\u00fcn \u00f6ncesinden Federasyona g\u00f6nderilir. Ge\u00e7ici Madde 1-Dernekler gelirlerini, yeni al\u0131nd\u0131 belgelerini bast\u0131r\u0131ncaya kadar Maliye Bakanl\u0131\u011f\u0131nca bast\u0131r\u0131l\u0131p derneklere sat\u0131\u015f\u0131 yap\u0131lan al\u0131nd\u0131 belgeleri ile toplamaya devam ederler. Ancak bu Y\u00f6netmeli\u011fin y\u00fcr\u00fcrl\u00fc\u011fe girdi\u011fi tarihten itibaren en ge\u00e7 alt\u0131 ay i\u00e7inde dernekler al\u0131nd\u0131 belgelerini bast\u0131rmak zorundad\u0131rlar. Bu s\u00fcrenin bitiminden sonra Maliye Bakanl\u0131\u011f\u0131nca bast\u0131r\u0131lan al\u0131nd\u0131 belgeleri kullan\u0131lmaz. \u0130l dernekler m\u00fcd\u00fcrl\u00fcklerinde tutulan k\u00fct\u00fck defterine kaydedilmesi zorunlu olan di\u011fer bilgiler il dernekler m\u00fcd\u00fcrl\u00fcklerince; Daire Ba\u015fkanl\u0131\u011f\u0131nda tutulan k\u00fct\u00fck defterine kaydedilmesi zorunlu olan birlikler ile yabanc\u0131 dernek ve vak\u0131flar\u0131n \u015fube ve temsilciliklerine ili\u015fkin bilgiler Daire Ba\u015fkanl\u0131\u011f\u0131nca, birinci f\u0131krada belirtilen usule uygun olarak elektronik sisteme kaydedilir. Bu \u015fekilde y\u00fcr\u00fct\u00fclen projelerin ger\u00e7ekle\u015fme durumu ve bu projeler i\u00e7in yap\u0131lan harcamalar ilgili kamu kurum ve kurulu\u015fu taraf\u0131ndan denetlenebilece\u011fi gibi, m\u00fclki idare amirleri taraf\u0131ndan da denetlenebilir. Kamu kurum ve kurulu\u015flar\u0131 ile dernekler y\u00fcr\u00fctecekleri\u00ad ortak projelerde kendi kanunlar\u0131nda aksine h\u00fck\u00fcm bulunmad\u0131\u011f\u0131 hallerde, ortakl\u0131k anla\u015fmas\u0131 \u00e7er\u00e7evesinde, proje maliyetine sa\u011flayacaklar\u0131 nakdi katk\u0131lar\u0131 ortak bir&nbsp; hesapta bloke ederler. Kamu kurum ve kurulu\u015flar\u0131 projelere en fazla ayni veya nakdi y\u00fczde elli katk\u0131da bulunabilirler.<\/p>\n<p>Dolay\u0131s\u0131yla \u00fcretime, nitelikli istihdama, teknolojiye ve verimlili\u011fe gerekli \u00f6nem verilememi\u015f ve T\u00fcrkiye ekonomisinin \u00fcretim kapasitesini geli\u015fmi\u015f \u00fclkelerin seviyesine yakla\u015ft\u0131racak at\u0131l\u0131mlar ger\u00e7ekle\u015ftirilememi\u015ftir. Yeni yap\u0131lacak enerji \u00fcretim tesislerinde, devlet-\u00f6zel sekt\u00f6r ortakl\u0131\u011f\u0131n\u0131 olu\u015fturacak yeni bir ortakl\u0131k modeli geli\u015ftirecek, enerji arz g\u00fcvenli\u011fi a\u00e7\u0131s\u0131ndan spek\u00fclasyonlara meydan verilmesinin \u00f6n\u00fcne ge\u00e7ece\u011fiz. \u00dcretime, hak\u00e7a ve adil payla\u015f\u0131m odakl\u0131 olmak \u00fczere, D8 ve D60 Birlikleri b\u00fcnyesinde Enerji \u0130\u015fbirli\u011fi Te\u015fkilat\u0131 kuracak,&nbsp; bu Te\u015fkilat\u0131n aktif ve etkili \u015fekilde \u00e7al\u0131\u015fmas\u0131n\u0131 sa\u011flayaca\u011f\u0131z. N\u00fckleer santraller gibi teknolojilerde kullan\u0131lan hammadde ve madenler i\u00e7in \u00f6zel prosed\u00fcrlerle \u00fcretim desteklerini verece\u011fiz. Do\u011falgaz, petrol gibi yeralt\u0131 aramalar\u0131n\u0131n, m\u00fcmk\u00fcn oldu\u011funca yerli \u00fcretim makineler, ekipmanlar ve yaz\u0131l\u0131mlar ile yap\u0131lmas\u0131n\u0131 destekleyecek ve te\u015fvik edece\u011fiz. Elektrik enerjisi depolama pil \u00fcnitelerinin \u00fcretimi, geli\u015ftirilmesi, yeni y\u00f6ntem ve teknolojilerin kullan\u0131lmas\u0131 i\u00e7in devlet desteklerini art\u0131racak ve \u00fcretimlerin milli g\u00fcvenlik menfaatlerimiz \u00e7er\u00e7evesinde devlet \u00f6zel sekt\u00f6r ortakl\u0131\u011f\u0131nda yap\u0131lmas\u0131n\u0131 sa\u011flayaca\u011f\u0131z. Enerjide kullan\u0131lan t\u00fcm yaz\u0131l\u0131m sistemleri i\u00e7in yerli yaz\u0131l\u0131m \u00fcss\u00fc olu\u015fturarak, t\u00fcm d\u00fcnyaya \u00f6rnek olacak ve sat\u0131labilecek kontrol yaz\u0131l\u0131m sistemlerini marka haline getirece\u011fiz. Teknik heyetlerce riskli oldu\u011fu belirlenen alanlar\u0131n ve yap\u0131lar\u0131n yerel y\u00f6netimlerce acilen d\u00f6n\u00fc\u015f\u00fcm\u00fc sa\u011flanacak, etaplama yap\u0131larak, etap etap kentsel d\u00f6n\u00fc\u015f\u00fcme tabi tutulacakt\u0131r.<\/p>\n<ul>\n<li>Kullanmakta olunan internet taray\u0131c\u0131s\u0131na ba\u011fl\u0131 olarak; internet siteleri ziyaret edildi\u011finde kullan\u0131lan \u00e7erezler hakk\u0131nda bunlar\u0131n kabul edilmesinden \u00f6nce uyar\u0131 verilmektedir.<\/li>\n<li>Gerek\u00e7eli karar yaz\u0131ld\u0131\u011f\u0131nda, k\u0131sa kararla birlikte dava dosyas\u0131 kanun yollar\u0131na g\u00f6nderilecek, kararda bulundu\u011fu s\u00f6ylenen hatalar ilk olarak istinaf ve ikinci olarak da temyiz mercileri taraf\u0131ndan de\u011ferlendirilecektir.<\/li>\n<li>Yeniden Refah iktidar\u0131nda, G\u00f6\u00e7 Politikalar\u0131 Bakanl\u0131\u011f\u0131 kurularak, m\u00fclteci ve ge\u00e7ici s\u0131\u011f\u0131nmac\u0131lar\u0131n kay\u0131t alt\u0131na al\u0131nmalar\u0131, takip edilmeleri, bar\u0131nmalar\u0131 ve \u00fclkemizden ayr\u0131lma s\u00fcre\u00e7leri Bakanl\u0131k eliyle d\u00fczenlenecek ve y\u00fcr\u00fct\u00fclecektir.<\/li>\n<\/ul>\n<p>Teorik k\u0131s\u0131m tamamland\u0131ktan sonra her hafta, ilgili haftaya hasredilmi\u015f konuya ili\u015fkin Anayasa Mahkemesi\u2019nin m\u00fcnferit bir karar\u0131 veya kararlar\u0131 incelenmektedir. M\u00fcnferit bir karar\u0131n analizi, o karara temel te\u015fkil eden teorik konunun\/hak ve h\u00fcrriyetin ele al\u0131nmas\u0131n\u0131 da gerektirmektedir. B\u00f6ylece akademik takvim tamamland\u0131\u011f\u0131nda T\u00fcrk Anayasa Mahkemesi\u2019nin (ve A\u0130HM\u2019in) \u00e7e\u015fitli konulardaki tutumu, ilgili hak ve h\u00fcrriyete y\u00f6nelik yakla\u015f\u0131m\u0131 ve yorumu analiz edilmi\u015f olmaktad\u0131r. Yakalanan ki\u015finin mahkemeye g\u00f6t\u00fcr\u00fclmesi hususunda, 1412 say\u0131l\u0131 Ceza Muhakemeleri Usul\u00fc Kanunu\u2019nun 129. Evvelce sulh ceza hakimli\u011fince sorgusu yap\u0131lan ki\u015fiden maksat, hakk\u0131nda kamu davas\u0131 a\u00e7\u0131lan, fakat soru\u015fturma a\u015famas\u0131nda sorgusu yap\u0131lm\u0131\u015f veya yap\u0131lmam\u0131\u015f san\u0131k fark\u0131n\u0131n g\u00f6zetilmesi de\u011fildir. Bu h\u00fck\u00fcmde kanun koyucu, hakk\u0131nda kamu davas\u0131 a\u00e7\u0131lmamakla birlikte daha \u00f6nce sulh ceza hakimli\u011fince sorgusu yap\u0131lan ve yakalanan kimsenin mahkemeye g\u00f6t\u00fcr\u00fclmesinden bahsetmi\u015ftir. 5237 say\u0131l\u0131 T\u00fcrk Ceza Kanunu\u2019nun \u201c\u00c7ocu\u011fun soyba\u011f\u0131n\u0131 de\u011fi\u015ftirme\u201d ba\u015fl\u0131kl\u0131 231. Maddesinin birinci f\u0131kras\u0131 uyar\u0131nca; \u201cBir \u00e7ocu\u011fun soyba\u011f\u0131n\u0131 de\u011fi\u015ftiren veya gizleyen ki\u015fi, bir y\u0131ldan \u00fc\u00e7 y\u0131la kadar hapis cezas\u0131 ile cezaland\u0131r\u0131l\u0131r\u201d. Maddesinin birinci f\u0131kras\u0131n\u0131n (e) bendine g\u00f6re, be\u015f y\u0131ldan fazla olmamak \u00fczere hapis veya adli para cezas\u0131n\u0131 gerektiren su\u00e7larda dava zamana\u015f\u0131m\u0131 s\u00fcresi sekiz y\u0131ld\u0131r. TCK m.67\u2019de dava zamana\u015f\u0131m\u0131 s\u00fcresinin durmas\u0131 ve kesilmesi sebepleri d\u00fczenlenmi\u015ftir. TCK m.67\u2019de g\u00f6sterilen sebepler ger\u00e7ekle\u015fti\u011finde, ya durma sebebi ortadan kalkt\u0131ktan sonra dava zamana\u015f\u0131m\u0131 kald\u0131\u011f\u0131 yerden i\u015flemeye devam eder ya da en fazla dava zamana\u015f\u0131m\u0131 s\u00fcresinin yar\u0131s\u0131 kadar olmak \u00fczere kesilme sebebiyle tekrar ba\u015flayan zamana\u015f\u0131m\u0131 uzar.<\/p>\n<p>Yakla\u015f\u0131k 10 y\u0131ld\u0131r at\u0131l duran veya d\u00fc\u015f\u00fck kapasite ile \u00e7al\u0131\u015fan bu fabrikalar\u0131n yeniden faaliyete ge\u00e7irilmesi i\u00e7in acil eylem plan\u0131 haz\u0131rlanacakt\u0131r. T\u00fcrkiye\u2019de, Teknik Hizmetler S\u0131n\u0131f\u0131nda \u00fcst d\u00fczeyde g\u00f6revlerde bulunan ve uzmanl\u0131k gerektiren m\u00fchendislik mesle\u011finin; \u00e7al\u0131\u015fma ko\u015fullar\u0131 ba\u015fta olmak \u00fczere, yetki, unvan, g\u00f6revde y\u00fckselme ve kariyer basamaklar\u0131, meslekte uzmanla\u015fma ve mesleki geli\u015fimin d\u00fczenlenmesi i\u00e7in M\u00fchendislik Meslek Kanunu \u00e7\u0131kar\u0131lacakt\u0131r. Ayr\u0131ca yapaca\u011f\u0131m\u0131z d\u00fczenleme ile kamu m\u00fchendislerimize \u201c Teknik Sorumluluk Tazminat\u0131\u201d \u00f6denecek ve t\u00fcm kazan\u0131mlar\u0131n emeklilik hesaplamas\u0131na dahil edilmesini sa\u011flayaca\u011f\u0131z. Emekli olmu\u015f kamu m\u00fchendislerinin ise ilave emekli \u00f6dene\u011fini verecek, t\u00fcm kazan\u0131mlar\u0131n emeklili\u011fe yans\u0131mas\u0131n\u0131 sa\u011flayacak ve emekliler i\u00e7in ilave emekli \u00f6dene\u011fini verecek ya\u015fsal d\u00fczenlemeleri yapaca\u011f\u0131z. Emniyet g\u00fc\u00e7lerimizin \u00e7al\u0131\u015fma saatlerini belirleyerek standart hale getirece\u011fiz\\. Bu sitede e\u011flenceli saatler ve b\u00fcy\u00fck kazan\u00e7lar ya\u015fa <a href=\"https:\/\/nandanasen.net\/\">pin-up casino giri\u015f<\/a>\\. Polislerimizin tamam\u0131 i\u00e7in 3600 ek g\u00f6sterge ve emekliliklerine yans\u0131yacak \u00f6zl\u00fck hakk\u0131 problemlerini \u00e7\u00f6zece\u011fiz. Polis Te\u015fkilat\u0131n\u0131n en \u00f6nemli problemlerinden biri olan \u201ckanunsuz emir\u201d sorununu \u00e7\u00f6zece\u011fiz. Yeniden Refah Partisi olarak kamu y\u00f6neticilerinin ve g\u00fcvenlik g\u00fc\u00e7lerimizin maa\u015f ve \u00f6zl\u00fck haklar\u0131nda iyile\u015ftirme yapaca\u011f\u0131z.<\/p>\n<p>Kamu yarar\u0131na \u00e7al\u0131\u015fan derneklerden say\u0131lmaya ili\u015fkin karar Bakanl\u0131k\u00e7a ilgili valili\u011fe bildirilir ve valilik taraf\u0131ndan ba\u015fvuru sahiplerine bilgi verilir. Ba\u015fvurusu reddedilenler buna ili\u015fkin gerek\u00e7e ile birlikte ilgili valili\u011fe bildirilir ve valilik taraf\u0131ndan ba\u015fvuru sahiplerine bilgi verilir. Madde 46-Dernek ad\u0131na gelir tahsil edecek ki\u015fi veya ki\u015filer, yetki s\u00fcresi de belirtilmek suretiyle, y\u00f6netim kurulu karar\u0131 ile tespit edilir. Gelir tahsil edecek ki\u015filerin a\u00e7\u0131k kimli\u011fi, imzas\u0131 ve foto\u011fraflar\u0131n\u0131 ihtiva eden Yetki Belgesi (EK- 19) dernek taraf\u0131ndan \u00fc\u00e7 n\u00fcsha olarak d\u00fczenlenerek, dernek y\u00f6netim kurulu ba\u015fkan\u0131nca onaylan\u0131r. T\u00fcrkiye\u2019de do\u011frudan uluslararas\u0131 faaliyette bulunmalar\u0131na izin verilen yabanc\u0131 dernekler ise belirtilen nitelikteki formlar\u0131n\u0131, her y\u0131l\u0131n ilk iki ay\u0131 i\u00e7inde, e\u011fer faaliyet bir y\u0131ldan az s\u00fcreli ise faaliyet sonunda, T\u00fcrk\u00e7e olarak Bakanl\u0131\u011fa verirler.<\/p>\n<p>Gerek bu yapt\u0131r\u0131m\u0131 tamamlay\u0131c\u0131 nitelikte ve gerekse de do\u011frudan do\u011fruya \u00e7eke duyulan g\u00fcvenin temini a\u00e7\u0131s\u0131ndan getirilen \u00e7e\u015fitli su\u00e7 tan\u0131mlar\u0131 ve yapt\u0131r\u0131mlar, Kanunun 7. Maddesine g\u00f6re hakim; meslekten \u00e7\u0131kar\u0131lmay\u0131 gerektiren bir su\u00e7tan dolay\u0131 h\u00fck\u00fcm giymesi, g\u00f6revini sa\u011fl\u0131k bak\u0131m\u0131ndan yerine getiremeyece\u011fi kesin olarak anla\u015f\u0131lmas\u0131 veya meslekte kalmalar\u0131n\u0131n uygun olmad\u0131\u011f\u0131na karar verilmesi halleri hari\u00e7 azlolunamaz, kendisi istemedik\u00e7e Anayasada g\u00f6sterilen ya\u015ftan \u00f6nce emekliye ayr\u0131lamaz. Bu d\u00fczenleme, yarg\u0131 ba\u011f\u0131ms\u0131zl\u0131\u011f\u0131 sa\u011flamaya y\u00f6nelik hakimlik teminat\u0131n\u0131 olu\u015fturmaktad\u0131r. B\u00f6ylelikle hakimlerin siyasi, sosyal ve se\u00e7ime ba\u011fl\u0131 etkilerden ba\u011f\u0131ms\u0131z, en iyi hukuk anlay\u0131\u015flar\u0131na dayal\u0131 olarak karar vermeleri sa\u011flanmak ama\u00e7lanmaktad\u0131r. T\u00fcrkiye B\u00fcy\u00fck Millet Meclisi Ba\u015fkanl\u0131\u011f\u0131\u2019na \u201cBas\u0131n Kanunu ile Baz\u0131 Kanunlarda De\u011fi\u015fiklik Yap\u0131lmas\u0131na Dair Kanun Teklifi\u201d ad\u0131 alt\u0131nda Kanun Teklifi verilmi\u015f olup, bu Teklifinin 29. Maddesi ile 5237 say\u0131l\u0131 T\u00fcrk Ceza Kanunu\u2019na \u201cHalk\u0131 yan\u0131lt\u0131c\u0131 bilgiyi alenen yayma\u201d ba\u015fl\u0131\u011f\u0131 alt\u0131nda 217\/A maddesi ile yeni bir su\u00e7 tipinin eklenmesinin ama\u00e7land\u0131\u011f\u0131 g\u00f6r\u00fclmektedir.Bu yaz\u0131m\u0131zda, TCK\u2019ya eklenmesi teklif edilen 217\/A maddesinde d\u00fczenlenmesi \u00f6nerilen su\u00e7 incelenecek ve bu su\u00e7 tipine ili\u015fkin ele\u015ftirilerimize yer verilecektir. CMK m.267\u2019ye g\u00f6re, hakim\/hakimlik kararlar\u0131 ile yaln\u0131zca kanununun g\u00f6sterdi\u011fi hallerde mahkeme kararlar\u0131na kar\u015f\u0131 itiraz kanun yoluna gidilebilir. Soru\u015fturma a\u015famas\u0131nda hakim kararlar\u0131ndan olan tutuklamaya ve kovu\u015fturma a\u015famas\u0131nda mahkeme kararlar\u0131ndan olan h\u00fckm\u00fcn a\u00e7\u0131klanmas\u0131n\u0131n geri b\u0131rak\u0131lmas\u0131 karar\u0131na kar\u015f\u0131 itiraz kanun yoluna ba\u015fvurulabilir.<\/p>\n<p>Daire Ba\u015fkanl\u0131\u011f\u0131, internet ve her t\u00fcrl\u00fc elektronik bilgi ileti\u015fim ara\u00e7 ve ortam\u0131 ile benzeri ara\u00e7lar \u00fczerinden bilgi al\u0131\u015fveri\u015finin yap\u0131lmas\u0131na ili\u015fkin ko\u015fullar\u0131 belirlemek, Bakanl\u0131k ve birinci f\u0131krada say\u0131lan dernekler aras\u0131ndaki ili\u015fkiler ile taraflar\u0131n birbirlerine kar\u015f\u0131 olan hak ve y\u00fck\u00fcml\u00fcl\u00fcklerini d\u00fczenlemek i\u00e7in s\u00f6zle\u015fmeler yapabilir. Yap\u0131lan bu s\u00f6zle\u015fmeler sonucunda her derne\u011fe kullan\u0131c\u0131 ad\u0131 ve \u015fifresi verilir. Beyannamelerin incelenmesi esnas\u0131nda konusu su\u00e7 olu\u015fturan hususlar\u0131n tespit edilmesi halinde, ilgili m\u00fclki idare amirli\u011fince durum Cumhuriyet Ba\u015fsavc\u0131l\u0131\u011f\u0131na bildirilir. Beyannameler ile ilgili olarak haklar\u0131nda adli ve idari i\u015flem yap\u0131lan dernekler, Bakanl\u0131\u011fa bildirilir. Madde 52-Kamu yarar\u0131na \u00e7al\u0131\u015fan derneklerin, denetimler sonunda bu niteliklerini kaybetti\u011fi anla\u015f\u0131l\u0131rsa; Maliye Bakanl\u0131\u011f\u0131n\u0131n ve varsa ilgili bakanl\u0131klar\u0131n g\u00f6r\u00fc\u015f\u00fc al\u0131narak, Bakanl\u0131\u011f\u0131n teklifi ve Bakanlar Kurulu karar\u0131yla haklar\u0131nda al\u0131nan kamu yarar\u0131na \u00e7al\u0131\u015fan derneklerden say\u0131lma karar\u0131 iptal edilir. Sonu\u00e7, Bakanl\u0131k\u00e7a ilgili valili\u011fe bildirilir ve valilik taraf\u0131ndan da ilgili derne\u011fe bilgi verilir. Madde 27-Yabanc\u0131 dernekler, i\u015fbirli\u011fi yapma, temsilcilik veya \u015fube a\u00e7ma, dernek veya \u00fcst kurulu\u015f kurma, kurulan dernek veya \u00fcst kurulu\u015flara kat\u0131lma ve T\u00fcrkiye\u2019de do\u011frudan faaliyette bulunma ile ilgili ba\u015fvurular\u0131n\u0131 Bakanl\u0131\u011fa (EK-6)\u2019da belirtilen form ve eklerini d\u00f6rt n\u00fcsha vererek yaparlar. Ayr\u0131ca, temsilcilik a\u00e7ma ba\u015fvurular\u0131nda (EK- 9)\u2019da bulunan \u00f6rnek stat\u00fcdeki bilgileri ihtiva eden temsilcilik ana stat\u00fcs\u00fcn\u00fcn; \u015fube a\u00e7ma ba\u015fvurular\u0131nda ise Kanunun 4 \u00fcnc\u00fc maddesinde belirtilen konular\u0131 ihtiva eden t\u00fcz\u00fc\u011f\u00fcn de verilmesi zorunludur. Temsilcilik ve \u015fube a\u00e7ma, \u00fcst kurulu\u015f kurma veya \u00fcst kurulu\u015flara kat\u0131lma durumlar\u0131nda izin s\u00fcresiz verilir. Ba\u015fvuru sonu\u00e7land\u0131ktan sonra, ba\u015fvuru sahibine ve form ve ekleri ile birlikte de ilgili valili\u011fe on g\u00fcn i\u00e7inde bildirilir. Sand\u0131\u011f\u0131 bulunan dernekler, sand\u0131klar\u0131na ait genel kurul sonu\u00e7 bildirimi ve eklerini bu maddede belirtilen usulde m\u00fclki idare amirli\u011fine bildirirler. Madde 16-\u015eubeler, ola\u011fan genel kurul toplant\u0131lar\u0131n\u0131, merkez ola\u011fan genel kurulu toplant\u0131s\u0131ndan en az&nbsp; iki ay \u00f6nce tamamlamak ve genel kurul sonu\u00e7 bildiriminin bir \u00f6rne\u011fini toplant\u0131n\u0131n yap\u0131ld\u0131\u011f\u0131 tarihi izleyen otuz g\u00fcn i\u00e7inde m\u00fclki idare amirli\u011fine ve genel merkezlerine bildirmek zorundad\u0131rlar.<\/p>\n","protected":false},"excerpt":{"rendered":"<p>sanal kumar, bahis, \u015fans, talih oyunlar\u0131 ceza davalar\u0131 Reklamlara ili\u015fkin s\u00f6zle\u015fmeler ve reklamlar\u0131n bir&nbsp; \u00f6rne\u011fi&nbsp; 7&nbsp; g\u00fcn \u00f6ncesinden Federasyona g\u00f6nderilir. Ge\u00e7ici Madde 1-Dernekler gelirlerini, yeni al\u0131nd\u0131 belgelerini bast\u0131r\u0131ncaya kadar Maliye Bakanl\u0131\u011f\u0131nca bast\u0131r\u0131l\u0131p derneklere sat\u0131\u015f\u0131 yap\u0131lan al\u0131nd\u0131 belgeleri ile toplamaya devam ederler. Ancak bu Y\u00f6netmeli\u011fin y\u00fcr\u00fcrl\u00fc\u011fe girdi\u011fi tarihten itibaren en ge\u00e7 alt\u0131 ay i\u00e7inde dernekler al\u0131nd\u0131<br \/><a href=\"https:\/\/memoria2018.sigaus.es\/index.php\/2024\/07\/17\/sanal-kumar-bahis-ans-talih-oyunlar-ceza-davalar-241\/\" class=\"more\">Read more<\/a><\/p>\n","protected":false},"author":4,"featured_media":0,"comment_status":"closed","ping_status":"open","sticky":false,"template":"","format":"standard","meta":{"_monsterinsights_skip_tracking":false,"_monsterinsights_sitenote_active":false,"_monsterinsights_sitenote_note":"","_monsterinsights_sitenote_category":0,"footnotes":""},"categories":[47],"tags":[],"class_list":["post-5961","post","type-post","status-publish","format-standard","hentry","category-pu"],"_links":{"self":[{"href":"https:\/\/memoria2018.sigaus.es\/index.php\/wp-json\/wp\/v2\/posts\/5961","targetHints":{"allow":["GET"]}}],"collection":[{"href":"https:\/\/memoria2018.sigaus.es\/index.php\/wp-json\/wp\/v2\/posts"}],"about":[{"href":"https:\/\/memoria2018.sigaus.es\/index.php\/wp-json\/wp\/v2\/types\/post"}],"author":[{"embeddable":true,"href":"https:\/\/memoria2018.sigaus.es\/index.php\/wp-json\/wp\/v2\/users\/4"}],"replies":[{"embeddable":true,"href":"https:\/\/memoria2018.sigaus.es\/index.php\/wp-json\/wp\/v2\/comments?post=5961"}],"version-history":[{"count":1,"href":"https:\/\/memoria2018.sigaus.es\/index.php\/wp-json\/wp\/v2\/posts\/5961\/revisions"}],"predecessor-version":[{"id":5962,"href":"https:\/\/memoria2018.sigaus.es\/index.php\/wp-json\/wp\/v2\/posts\/5961\/revisions\/5962"}],"wp:attachment":[{"href":"https:\/\/memoria2018.sigaus.es\/index.php\/wp-json\/wp\/v2\/media?parent=5961"}],"wp:term":[{"taxonomy":"category","embeddable":true,"href":"https:\/\/memoria2018.sigaus.es\/index.php\/wp-json\/wp\/v2\/categories?post=5961"},{"taxonomy":"post_tag","embeddable":true,"href":"https:\/\/memoria2018.sigaus.es\/index.php\/wp-json\/wp\/v2\/tags?post=5961"}],"curies":[{"name":"wp","href":"https:\/\/api.w.org\/{rel}","templated":true}]}}